{"id":15626,"date":"2026-01-20T07:07:00","date_gmt":"2026-01-20T06:07:00","guid":{"rendered":"https:\/\/jsemproduction.fr\/blog\/sin-categoria\/por-que-contratar-a-un-experto-en-diseno-grafico-para-su-identidad-visual-y-comunicacion\/"},"modified":"2026-01-20T09:48:17","modified_gmt":"2026-01-20T08:48:17","slug":"por-que-contratar-a-un-experto-en-diseno-grafico-para-su-identidad-visual-y-comunicacion","status":"publish","type":"post","link":"https:\/\/jsemproduction.fr\/es\/blog\/disenador-grafico\/por-que-contratar-a-un-experto-en-diseno-grafico-para-su-identidad-visual-y-comunicacion\/","title":{"rendered":"\u00bfPor qu\u00e9 contratar a un experto en dise\u00f1o gr\u00e1fico para su identidad visual y comunicaci\u00f3n?"},"content":{"rendered":"<div id=\"ez-toc-container\" class=\"ez-toc-v2_0_80 counter-hierarchy ez-toc-counter ez-toc-custom ez-toc-container-direction\">\n<div class=\"ez-toc-title-container\">\n<p class=\"ez-toc-title\" style=\"cursor:inherit\">Sommaire<\/p>\n<span class=\"ez-toc-title-toggle\"><a href=\"#\" class=\"ez-toc-pull-right ez-toc-btn ez-toc-btn-xs ez-toc-btn-default ez-toc-toggle\" aria-label=\"Alternar tabla de contenidos\"><span class=\"ez-toc-js-icon-con\"><span class=\"\"><span class=\"eztoc-hide\" style=\"display:none;\">Toggle<\/span><span class=\"ez-toc-icon-toggle-span\"><svg style=\"fill: #ffffff;color:#ffffff\" xmlns=\"http:\/\/www.w3.org\/2000\/svg\" class=\"list-377408\" width=\"20px\" height=\"20px\" viewBox=\"0 0 24 24\" fill=\"none\"><path d=\"M6 6H4v2h2V6zm14 0H8v2h12V6zM4 11h2v2H4v-2zm16 0H8v2h12v-2zM4 16h2v2H4v-2zm16 0H8v2h12v-2z\" fill=\"currentColor\"><\/path><\/svg><svg style=\"fill: #ffffff;color:#ffffff\" class=\"arrow-unsorted-368013\" xmlns=\"http:\/\/www.w3.org\/2000\/svg\" width=\"10px\" height=\"10px\" viewBox=\"0 0 24 24\" version=\"1.2\" baseProfile=\"tiny\"><path d=\"M18.2 9.3l-6.2-6.3-6.2 6.3c-.2.2-.3.4-.3.7s.1.5.3.7c.2.2.4.3.7.3h11c.3 0 .5-.1.7-.3.2-.2.3-.5.3-.7s-.1-.5-.3-.7zM5.8 14.7l6.2 6.3 6.2-6.3c.2-.2.3-.5.3-.7s-.1-.5-.3-.7c-.2-.2-.4-.3-.7-.3h-11c-.3 0-.5.1-.7.3-.2.2-.3.5-.3.7s.1.5.3.7z\"\/><\/svg><\/span><\/span><\/span><\/a><\/span><\/div>\n<nav><ul class='ez-toc-list ez-toc-list-level-1 ' ><li class='ez-toc-page-1 ez-toc-heading-level-2'><a class=\"ez-toc-link ez-toc-heading-1\" href=\"https:\/\/jsemproduction.fr\/es\/blog\/disenador-grafico\/por-que-contratar-a-un-experto-en-diseno-grafico-para-su-identidad-visual-y-comunicacion\/#El_papel_estrategico_del_disenador_grafico_en_el_exito_de_una_empresa\" >El papel estrat\u00e9gico del dise\u00f1ador gr\u00e1fico en el \u00e9xito de una empresa<\/a><\/li><li class='ez-toc-page-1 ez-toc-heading-level-2'><a class=\"ez-toc-link ez-toc-heading-2\" href=\"https:\/\/jsemproduction.fr\/es\/blog\/disenador-grafico\/por-que-contratar-a-un-experto-en-diseno-grafico-para-su-identidad-visual-y-comunicacion\/#%C2%BFQue_es_un_disenador_grafico_profesional\" >\u00bfQu\u00e9 es un dise\u00f1ador gr\u00e1fico profesional?<\/a><\/li><li class='ez-toc-page-1 ez-toc-heading-level-2'><a class=\"ez-toc-link ez-toc-heading-3\" href=\"https:\/\/jsemproduction.fr\/es\/blog\/disenador-grafico\/por-que-contratar-a-un-experto-en-diseno-grafico-para-su-identidad-visual-y-comunicacion\/#%C2%BFPor_que_es_esencial_la_identidad_visual_para_una_empresa\" >\u00bfPor qu\u00e9 es esencial la identidad visual para una empresa?<\/a><\/li><li class='ez-toc-page-1 ez-toc-heading-level-2'><a class=\"ez-toc-link ez-toc-heading-4\" href=\"https:\/\/jsemproduction.fr\/es\/blog\/disenador-grafico\/por-que-contratar-a-un-experto-en-diseno-grafico-para-su-identidad-visual-y-comunicacion\/#El_disenador_grafico_en_el_centro_de_la_estrategia_digital\" >El dise\u00f1ador gr\u00e1fico en el centro de la estrategia digital<\/a><\/li><li class='ez-toc-page-1 ez-toc-heading-level-2'><a class=\"ez-toc-link ez-toc-heading-5\" href=\"https:\/\/jsemproduction.fr\/es\/blog\/disenador-grafico\/por-que-contratar-a-un-experto-en-diseno-grafico-para-su-identidad-visual-y-comunicacion\/#Disenador_grafico_y_creacion_de_logotipos_mucho_mas_que_un_simbolo\" >Dise\u00f1ador gr\u00e1fico y creaci\u00f3n de logotipos: mucho m\u00e1s que un s\u00edmbolo<\/a><\/li><li class='ez-toc-page-1 ez-toc-heading-level-2'><a class=\"ez-toc-link ez-toc-heading-6\" href=\"https:\/\/jsemproduction.fr\/es\/blog\/disenador-grafico\/por-que-contratar-a-un-experto-en-diseno-grafico-para-su-identidad-visual-y-comunicacion\/#Guia_de_estilo_garantizar_la_coherencia_visual\" >Gu\u00eda de estilo: garantizar la coherencia visual<\/a><\/li><li class='ez-toc-page-1 ez-toc-heading-level-2'><a class=\"ez-toc-link ez-toc-heading-7\" href=\"https:\/\/jsemproduction.fr\/es\/blog\/disenador-grafico\/por-que-contratar-a-un-experto-en-diseno-grafico-para-su-identidad-visual-y-comunicacion\/#Soportes_impresos_siempre_indispensables\" >Soportes impresos: siempre indispensables<\/a><\/li><li class='ez-toc-page-1 ez-toc-heading-level-2'><a class=\"ez-toc-link ez-toc-heading-8\" href=\"https:\/\/jsemproduction.fr\/es\/blog\/disenador-grafico\/por-que-contratar-a-un-experto-en-diseno-grafico-para-su-identidad-visual-y-comunicacion\/#Elementos_visuales_para_redes_sociales_y_marketing_digital\" >Elementos visuales para redes sociales y marketing digital<\/a><\/li><li class='ez-toc-page-1 ez-toc-heading-level-2'><a class=\"ez-toc-link ez-toc-heading-9\" href=\"https:\/\/jsemproduction.fr\/es\/blog\/disenador-grafico\/por-que-contratar-a-un-experto-en-diseno-grafico-para-su-identidad-visual-y-comunicacion\/#Disenador_grafico_y_experiencia_de_usuario_UX\" >Dise\u00f1ador gr\u00e1fico y experiencia de usuario (UX)<\/a><\/li><li class='ez-toc-page-1 ez-toc-heading-level-2'><a class=\"ez-toc-link ez-toc-heading-10\" href=\"https:\/\/jsemproduction.fr\/es\/blog\/disenador-grafico\/por-que-contratar-a-un-experto-en-diseno-grafico-para-su-identidad-visual-y-comunicacion\/#Disenador_grafico_y_posicionamiento_natural_SEO\" >Dise\u00f1ador gr\u00e1fico y posicionamiento natural (SEO)<\/a><\/li><li class='ez-toc-page-1 ez-toc-heading-level-2'><a class=\"ez-toc-link ez-toc-heading-11\" href=\"https:\/\/jsemproduction.fr\/es\/blog\/disenador-grafico\/por-que-contratar-a-un-experto-en-diseno-grafico-para-su-identidad-visual-y-comunicacion\/#%C2%BFPor_que_contratar_a_un_disenador_grafico_en_lugar_de_utilizar_herramientas_automatizadas\" >\u00bfPor qu\u00e9 contratar a un dise\u00f1ador gr\u00e1fico en lugar de utilizar herramientas automatizadas?<\/a><\/li><li class='ez-toc-page-1 ez-toc-heading-level-2'><a class=\"ez-toc-link ez-toc-heading-12\" href=\"https:\/\/jsemproduction.fr\/es\/blog\/disenador-grafico\/por-que-contratar-a-un-experto-en-diseno-grafico-para-su-identidad-visual-y-comunicacion\/#%C2%BFDisenador_grafico_freelance_o_agencia_de_diseno\" >\u00bfDise\u00f1ador gr\u00e1fico freelance o agencia de dise\u00f1o?<\/a><\/li><li class='ez-toc-page-1 ez-toc-heading-level-2'><a class=\"ez-toc-link ez-toc-heading-13\" href=\"https:\/\/jsemproduction.fr\/es\/blog\/disenador-grafico\/por-que-contratar-a-un-experto-en-diseno-grafico-para-su-identidad-visual-y-comunicacion\/#Diseno_grafico_y_Search_AI_lo_que_cambia\" >Dise\u00f1o gr\u00e1fico y Search AI: lo que cambia<\/a><\/li><li class='ez-toc-page-1 ez-toc-heading-level-2'><a class=\"ez-toc-link ez-toc-heading-14\" href=\"https:\/\/jsemproduction.fr\/es\/blog\/disenador-grafico\/por-que-contratar-a-un-experto-en-diseno-grafico-para-su-identidad-visual-y-comunicacion\/#En_resumen_%C2%BFpor_que_invertir_en_servicios_graficos_profesionales\" >En resumen: \u00bfpor qu\u00e9 invertir en servicios gr\u00e1ficos profesionales?<\/a><\/li><li class='ez-toc-page-1 ez-toc-heading-level-2'><a class=\"ez-toc-link ez-toc-heading-15\" href=\"https:\/\/jsemproduction.fr\/es\/blog\/disenador-grafico\/por-que-contratar-a-un-experto-en-diseno-grafico-para-su-identidad-visual-y-comunicacion\/#%C2%BFTiene_un_proyecto_grafico_o_desea_mejorar_su_comunicacion_visual\" >\u00bfTiene un proyecto gr\u00e1fico o desea mejorar su comunicaci\u00f3n visual?<\/a><\/li><\/ul><\/nav><\/div>\n\n<h2 class=\"wp-block-heading\"><span class=\"ez-toc-section\" id=\"El_papel_estrategico_del_disenador_grafico_en_el_exito_de_una_empresa\"><\/span><strong>El papel estrat\u00e9gico del dise\u00f1ador gr\u00e1fico en el \u00e9xito de una empresa<\/strong><span class=\"ez-toc-section-end\"><\/span><\/h2>\n\n<p>Hoy en d\u00eda, la imagen de marca juega un papel determinante en la percepci\u00f3n de una empresa. Incluso antes de leer un contenido o comparar una oferta, un cliente potencial se forma una opini\u00f3n a partir de lo visual. Es ah\u00ed donde interviene el <strong><a href=\"https:\/\/jsemproduction.fr\/es\/nuestros-servicios-graficos\/disenador-grafico\/\" data-type=\"page\" data-id=\"688\">dise\u00f1ador gr\u00e1fico profesional<\/a><\/strong>. M\u00e1s que un simple creador de im\u00e1genes, el dise\u00f1ador gr\u00e1fico es un actor estrat\u00e9gico de la comunicaci\u00f3n y el marketing.   <\/p>\n\n<p>Contratar a un dise\u00f1ador gr\u00e1fico permite construir una identidad visual coherente, reconocible y alineada con los valores de la empresa. En un entorno competitivo, un dise\u00f1o bien ejecutado se convierte en un verdadero motor de diferenciaci\u00f3n. <\/p>\n\n<p>\ud83d\udc49 Descubra todos nuestros <strong><a href=\"https:\/\/jsemproduction.fr\/es\/nuestros-servicios-graficos\/\">servicios gr\u00e1ficos profesionales<\/a><\/strong> <\/p>\n\n<h2 class=\"wp-block-heading\"><span class=\"ez-toc-section\" id=\"%C2%BFQue_es_un_disenador_grafico_profesional\"><\/span><strong>\u00bfQu\u00e9 es un dise\u00f1ador gr\u00e1fico profesional?<\/strong><span class=\"ez-toc-section-end\"><\/span><\/h2>\n\n<p>Un dise\u00f1ador gr\u00e1fico profesional es un experto en comunicaci\u00f3n visual. Su funci\u00f3n consiste en traducir un mensaje, una visi\u00f3n o una estrategia en elementos gr\u00e1ficos claros, impactantes y coherentes. <\/p>\n\n<p>Interviene en numerosos soportes:<\/p>\n\n<ul class=\"wp-block-list\">\n<li>identidad visual<\/li>\n\n\n\n<li>logotipo y gu\u00eda de estilo<\/li>\n\n\n\n<li>materiales impresos (folletos, tr\u00edpticos, tarjetas de visita)<\/li>\n\n\n\n<li>soportes digitales (banners, elementos visuales web, redes sociales)<\/li>\n\n\n\n<li>dise\u00f1o de interfaz y elementos visuales de sitios web<\/li>\n<\/ul>\n\n<p>El dise\u00f1ador gr\u00e1fico no se limita a \u00abhacer bonito\u00bb. Dise\u00f1a elementos visuales pensados para <strong>atraer la atenci\u00f3n, transmitir un mensaje e incitar a la acci\u00f3n<\/strong>. <\/p>\n\n<h2 class=\"wp-block-heading\"><span class=\"ez-toc-section\" id=\"%C2%BFPor_que_es_esencial_la_identidad_visual_para_una_empresa\"><\/span><strong>\u00bfPor qu\u00e9 es esencial la identidad visual para una empresa?<\/strong><span class=\"ez-toc-section-end\"><\/span><\/h2>\n\n<p>La identidad visual es la base de toda comunicaci\u00f3n. Permite que una empresa sea inmediatamente identificable y f\u00e1cil de recordar. Una identidad visual exitosa se basa en varios elementos: logotipo, colores, tipograf\u00edas, iconograf\u00eda y normas de uso.  <\/p>\n\n<p>Una identidad coherente permite:<\/p>\n\n<ul class=\"wp-block-list\">\n<li>reforzar la credibilidad<\/li>\n\n\n\n<li>mejorar el reconocimiento de marca<\/li>\n\n\n\n<li>crear una imagen profesional<\/li>\n\n\n\n<li>unificar la comunicaci\u00f3n en todos los soportes<\/li>\n<\/ul>\n\n<p>Sin una identidad visual clara, una empresa da una imagen confusa y poco fiable, lo que puede frenar la conversi\u00f3n.<\/p>\n\n<h2 class=\"wp-block-heading\"><span class=\"ez-toc-section\" id=\"El_disenador_grafico_en_el_centro_de_la_estrategia_digital\"><\/span><strong>El dise\u00f1ador gr\u00e1fico en el centro de la estrategia digital<\/strong><span class=\"ez-toc-section-end\"><\/span><\/h2>\n\n<p>En un contexto digital, el dise\u00f1ador gr\u00e1fico desempe\u00f1a un papel fundamental. Los soportes visuales son omnipresentes: sitios web, redes sociales, publicidad, newsletters, p\u00e1ginas de destino. <\/p>\n\n<p>Un dise\u00f1ador gr\u00e1fico especializado en digital dise\u00f1a elementos visuales adaptados:<\/p>\n\n<ul class=\"wp-block-list\">\n<li>a los formatos web<\/li>\n\n\n\n<li>a las limitaciones t\u00e9cnicas<\/li>\n\n\n\n<li>a la experiencia del usuario<\/li>\n\n\n\n<li>a los objetivos de marketing<\/li>\n<\/ul>\n\n<p>Un buen dise\u00f1o mejora la legibilidad, la navegaci\u00f3n y la tasa de conversi\u00f3n. No se trata solo de est\u00e9tica, sino de eficacia. <\/p>\n\n<p>\ud83d\udc49 Un dise\u00f1o eficaz siempre se integra en una <strong><a href=\"https:\/\/jsemproduction.fr\/es\/creacion-de-paginas-web\/\">estrategia de creaci\u00f3n de sitios web profesionales<\/a><\/strong><\/p>\n\n<h2 class=\"wp-block-heading\"><span class=\"ez-toc-section\" id=\"Disenador_grafico_y_creacion_de_logotipos_mucho_mas_que_un_simbolo\"><\/span><strong>Dise\u00f1ador gr\u00e1fico y creaci\u00f3n de logotipos: mucho m\u00e1s que un s\u00edmbolo<\/strong><span class=\"ez-toc-section-end\"><\/span><\/h2>\n\n<p>El logotipo suele ser el primer elemento visual asociado a una marca. Un logotipo profesional debe ser: <\/p>\n\n<ul class=\"wp-block-list\">\n<li>simple<\/li>\n\n\n\n<li>legible<\/li>\n\n\n\n<li>f\u00e1cil de recordar<\/li>\n\n\n\n<li>adaptable a todos los soportes<\/li>\n<\/ul>\n\n<p>El dise\u00f1ador gr\u00e1fico analiza la actividad, el p\u00fablico objetivo y el posicionamiento antes de dise\u00f1ar un logotipo pertinente. Un logotipo mal dise\u00f1ado puede da\u00f1ar la imagen de la empresa de forma duradera, mientras que un logotipo bien pensado se convierte en una verdadera ventaja. <\/p>\n\n<h2 class=\"wp-block-heading\"><span class=\"ez-toc-section\" id=\"Guia_de_estilo_garantizar_la_coherencia_visual\"><\/span><strong>Gu\u00eda de estilo: garantizar la coherencia visual<\/strong><span class=\"ez-toc-section-end\"><\/span><\/h2>\n\n<p>La gu\u00eda de estilo es un documento de referencia que define las normas de uso de la identidad visual. Permite garantizar la coherencia en todos los soportes, incluso cuando varios participantes trabajan en la comunicaci\u00f3n. <\/p>\n\n<p>Una gu\u00eda de estilo incluye generalmente:<\/p>\n\n<ul class=\"wp-block-list\">\n<li>los colores oficiales<\/li>\n\n\n\n<li>las tipograf\u00edas<\/li>\n\n\n\n<li>las normas de uso del logotipo<\/li>\n\n\n\n<li>los elementos gr\u00e1ficos secundarios<\/li>\n<\/ul>\n\n<p>Es una herramienta indispensable para estructurar una comunicaci\u00f3n profesional y duradera.<\/p>\n\n<h2 class=\"wp-block-heading\"><span class=\"ez-toc-section\" id=\"Soportes_impresos_siempre_indispensables\"><\/span><strong>Soportes impresos: siempre indispensables<\/strong><span class=\"ez-toc-section-end\"><\/span><\/h2>\n\n<p>Contrariamente a la creencia popular, los soportes impresos siguen siendo muy eficaces. Los folletos, tr\u00edpticos, carteles o tarjetas de visita siguen desempe\u00f1ando un papel importante en la comunicaci\u00f3n local y de eventos. <\/p>\n\n<p>Un dise\u00f1ador gr\u00e1fico dise\u00f1a soportes impresos:<\/p>\n\n<ul class=\"wp-block-list\">\n<li>legibles<\/li>\n\n\n\n<li>atractivos<\/li>\n\n\n\n<li>adaptados a la impresi\u00f3n<\/li>\n\n\n\n<li>alineados con la identidad visual<\/li>\n<\/ul>\n\n<p>Un soporte impreso bien dise\u00f1ado refuerza la credibilidad y deja una impresi\u00f3n duradera.<\/p>\n\n<h2 class=\"wp-block-heading\"><span class=\"ez-toc-section\" id=\"Elementos_visuales_para_redes_sociales_y_marketing_digital\"><\/span><strong>Elementos visuales para redes sociales y marketing digital<\/strong><span class=\"ez-toc-section-end\"><\/span><\/h2>\n\n<p>Las redes sociales se han vuelto imprescindibles en la comunicaci\u00f3n de las empresas. Sin embargo, la competencia es muy alta. Los elementos visuales de calidad son esenciales para captar la atenci\u00f3n en un flujo saturado de informaci\u00f3n.  <\/p>\n\n<p>Un dise\u00f1ador gr\u00e1fico crea:<\/p>\n\n<ul class=\"wp-block-list\">\n<li>elementos visuales adaptados a cada red<\/li>\n\n\n\n<li>plantillas reutilizables<\/li>\n\n\n\n<li>contenidos coherentes con la marca<\/li>\n\n\n\n<li>formatos optimizados para la interacci\u00f3n<\/li>\n<\/ul>\n\n<p>Los elementos visuales profesionales mejoran el alcance, la interacci\u00f3n y la memorizaci\u00f3n de la marca.<\/p>\n\n<h2 class=\"wp-block-heading\"><span class=\"ez-toc-section\" id=\"Disenador_grafico_y_experiencia_de_usuario_UX\"><\/span><strong>Dise\u00f1ador gr\u00e1fico y experiencia de usuario (UX)<\/strong><span class=\"ez-toc-section-end\"><\/span><\/h2>\n\n<p>En un sitio web, el dise\u00f1o gr\u00e1fico influye directamente en la experiencia del usuario. Un dise\u00f1o mal pensado puede hacer que la navegaci\u00f3n sea confusa y desanimar a los visitantes. <\/p>\n\n<p>Un dise\u00f1ador gr\u00e1fico que trabaje en relaci\u00f3n con el <a href=\"https:\/\/jsemproduction.fr\/es\/nuestros-servicios-web\/diseno-web-ux-ui\/\" data-type=\"page\" data-id=\"5908\">dise\u00f1o web y la UX<\/a> permite:<\/p>\n\n<ul class=\"wp-block-list\">\n<li>una navegaci\u00f3n intuitiva<\/li>\n\n\n\n<li>una jerarqu\u00eda clara de la informaci\u00f3n<\/li>\n\n\n\n<li>una mejor legibilidad<\/li>\n\n\n\n<li>un recorrido del usuario optimizado<\/li>\n<\/ul>\n\n<p>\ud83d\udc49 Este enfoque es esencial en una <strong><a href=\"https:\/\/jsemproduction.fr\/es\/creacion-de-paginas-web\/\">creaci\u00f3n de sitios web orientada a la conversi\u00f3n<\/a><\/strong>  <\/p>\n\n<h2 class=\"wp-block-heading\"><span class=\"ez-toc-section\" id=\"Disenador_grafico_y_posicionamiento_natural_SEO\"><\/span><strong>Dise\u00f1ador gr\u00e1fico y posicionamiento natural (SEO)<\/strong><span class=\"ez-toc-section-end\"><\/span><\/h2>\n\n<p>Aunque el dise\u00f1ador gr\u00e1fico no es un experto en SEO propiamente dicho, su trabajo repercute indirectamente en el posicionamiento natural. Un dise\u00f1o bien concebido favorece: <\/p>\n\n<ul class=\"wp-block-list\">\n<li>un mejor tiempo de lectura<\/li>\n\n\n\n<li>una navegaci\u00f3n fluida<\/li>\n\n\n\n<li>una estructura clara<\/li>\n\n\n\n<li>una mejor experiencia de usuario<\/li>\n<\/ul>\n\n<p>Ahora bien, la experiencia del usuario es hoy en d\u00eda un criterio tenido en cuenta por Google y por la Search AI.<\/p>\n\n<h2 class=\"wp-block-heading\"><span class=\"ez-toc-section\" id=\"%C2%BFPor_que_contratar_a_un_disenador_grafico_en_lugar_de_utilizar_herramientas_automatizadas\"><\/span><strong>\u00bfPor qu\u00e9 contratar a un dise\u00f1ador gr\u00e1fico en lugar de utilizar herramientas automatizadas?<\/strong><span class=\"ez-toc-section-end\"><\/span><\/h2>\n\n<p>Hoy en d\u00eda, muchas herramientas en l\u00ednea ofrecen dise\u00f1os \u00abr\u00e1pidos\u00bb. Si bien estas soluciones pueden ser \u00fatiles, pronto muestran sus limitaciones: <\/p>\n\n<ul class=\"wp-block-list\">\n<li>dise\u00f1o gen\u00e9rico<\/li>\n\n\n\n<li>falta de coherencia<\/li>\n\n\n\n<li>ausencia de estrategia<\/li>\n\n\n\n<li>imagen poco diferenciadora<\/li>\n<\/ul>\n\n<p>Un dise\u00f1ador gr\u00e1fico profesional aporta una reflexi\u00f3n estrat\u00e9gica, una creatividad a medida y un valor a\u00f1adido real. Adapta cada creaci\u00f3n a la empresa, a su mercado y a sus objetivos. <\/p>\n\n<h2 class=\"wp-block-heading\"><span class=\"ez-toc-section\" id=\"%C2%BFDisenador_grafico_freelance_o_agencia_de_diseno\"><\/span><strong>\u00bfDise\u00f1ador gr\u00e1fico freelance o agencia de dise\u00f1o?<\/strong><span class=\"ez-toc-section-end\"><\/span><\/h2>\n\n<p>La elecci\u00f3n entre <a href=\"https:\/\/jsemproduction.fr\/es\/nuestros-servicios-graficos\/disenador-grafico\/\" data-type=\"page\" data-id=\"688\">dise\u00f1ador gr\u00e1fico freelance<\/a> y agencia depende de las necesidades. Una agencia de dise\u00f1o permite beneficiarse de: <\/p>\n\n<ul class=\"wp-block-list\">\n<li>una visi\u00f3n global<\/li>\n\n\n\n<li>competencias complementarias<\/li>\n\n\n\n<li>una continuidad en los proyectos<\/li>\n\n\n\n<li>un acompa\u00f1amiento estrat\u00e9gico<\/li>\n<\/ul>\n\n<p>\ud83d\udc49 En Jsemproduction, los <strong><a href=\"https:\/\/jsemproduction.fr\/es\/nuestros-servicios-graficos\/\">servicios gr\u00e1ficos<\/a><\/strong> se integran en un enfoque global que combina dise\u00f1o, web y estrategia digital <\/p>\n\n<h2 class=\"wp-block-heading\"><span class=\"ez-toc-section\" id=\"Diseno_grafico_y_Search_AI_lo_que_cambia\"><\/span><strong>Dise\u00f1o gr\u00e1fico y Search AI: lo que cambia<\/strong><span class=\"ez-toc-section-end\"><\/span><\/h2>\n\n<p>Con la evoluci\u00f3n de los motores de b\u00fasqueda basados en la inteligencia artificial, la claridad visual y la estructuraci\u00f3n de la informaci\u00f3n son a\u00fan m\u00e1s importantes. Las IA analizan la legibilidad, la jerarqu\u00eda y la coherencia global de un sitio. <\/p>\n\n<p>Un dise\u00f1o gr\u00e1fico estructurado permite:<\/p>\n\n<ul class=\"wp-block-list\">\n<li>una mejor comprensi\u00f3n del contenido<\/li>\n\n\n\n<li>una mejor presentaci\u00f3n de la informaci\u00f3n clave<\/li>\n\n\n\n<li>una experiencia de usuario optimizada<\/li>\n<\/ul>\n\n<p>El dise\u00f1o gr\u00e1fico se convierte as\u00ed en un motor indirecto de visibilidad.<\/p>\n\n<h2 class=\"wp-block-heading\"><span class=\"ez-toc-section\" id=\"En_resumen_%C2%BFpor_que_invertir_en_servicios_graficos_profesionales\"><\/span><strong>En resumen: \u00bfpor qu\u00e9 invertir en servicios gr\u00e1ficos profesionales?<\/strong><span class=\"ez-toc-section-end\"><\/span><\/h2>\n\n<p>Contratar a un dise\u00f1ador gr\u00e1fico profesional permite construir una imagen fuerte, coherente y cre\u00edble. El dise\u00f1o gr\u00e1fico es un pilar fundamental de la comunicaci\u00f3n, tanto en l\u00ednea como fuera de l\u00ednea. <\/p>\n\n<p>Una identidad visual bien dise\u00f1ada refuerza la confianza, mejora la memorizaci\u00f3n y apoya el crecimiento de la empresa a largo plazo.<\/p>\n\n<h2 class=\"wp-block-heading\"><span class=\"ez-toc-section\" id=\"%C2%BFTiene_un_proyecto_grafico_o_desea_mejorar_su_comunicacion_visual\"><\/span><strong>\u00bfTiene un proyecto gr\u00e1fico o desea mejorar su comunicaci\u00f3n visual?<\/strong><span class=\"ez-toc-section-end\"><\/span><\/h2>\n\n<p>\ud83d\udc49 Descubra todos nuestros <strong><a href=\"https:\/\/jsemproduction.fr\/es\/nuestros-servicios-graficos\/\">servicios gr\u00e1ficos profesionales<\/a><\/strong> y p\u00f3ngase en contacto con nuestro equipo para obtener un acompa\u00f1amiento a medida.<\/p>\n","protected":false},"excerpt":{"rendered":"<p>El papel estrat\u00e9gico del dise\u00f1ador gr\u00e1fico en el \u00e9xito de una empresa Hoy en d\u00eda, la imagen de marca juega un papel determinante en la percepci\u00f3n de una empresa. Incluso antes de leer un contenido o comparar una oferta, un cliente potencial se forma una opini\u00f3n a partir de lo visual. Es ah\u00ed donde interviene [&hellip;]<\/p>\n","protected":false},"author":1,"featured_media":15627,"comment_status":"open","ping_status":"open","sticky":false,"template":"","format":"standard","meta":{"_jetpack_memberships_contains_paid_content":false,"footnotes":""},"categories":[319],"tags":[],"class_list":["post-15626","post","type-post","status-publish","format-standard","has-post-thumbnail","hentry","category-disenador-grafico"],"jetpack_featured_media_url":"https:\/\/jsemproduction.fr\/wp-content\/uploads\/2026\/01\/Graphiste-Professionnel.jpg","jetpack_sharing_enabled":true,"_links":{"self":[{"href":"https:\/\/jsemproduction.fr\/es\/wp-json\/wp\/v2\/posts\/15626","targetHints":{"allow":["GET"]}}],"collection":[{"href":"https:\/\/jsemproduction.fr\/es\/wp-json\/wp\/v2\/posts"}],"about":[{"href":"https:\/\/jsemproduction.fr\/es\/wp-json\/wp\/v2\/types\/post"}],"author":[{"embeddable":true,"href":"https:\/\/jsemproduction.fr\/es\/wp-json\/wp\/v2\/users\/1"}],"replies":[{"embeddable":true,"href":"https:\/\/jsemproduction.fr\/es\/wp-json\/wp\/v2\/comments?post=15626"}],"version-history":[{"count":0,"href":"https:\/\/jsemproduction.fr\/es\/wp-json\/wp\/v2\/posts\/15626\/revisions"}],"wp:featuredmedia":[{"embeddable":true,"href":"https:\/\/jsemproduction.fr\/es\/wp-json\/wp\/v2\/media\/15627"}],"wp:attachment":[{"href":"https:\/\/jsemproduction.fr\/es\/wp-json\/wp\/v2\/media?parent=15626"}],"wp:term":[{"taxonomy":"category","embeddable":true,"href":"https:\/\/jsemproduction.fr\/es\/wp-json\/wp\/v2\/categories?post=15626"},{"taxonomy":"post_tag","embeddable":true,"href":"https:\/\/jsemproduction.fr\/es\/wp-json\/wp\/v2\/tags?post=15626"}],"curies":[{"name":"wp","href":"https:\/\/api.w.org\/{rel}","templated":true}]}}